{"id":9027,"date":"2026-04-27T10:13:15","date_gmt":"2026-04-27T10:13:15","guid":{"rendered":"https:\/\/sircat.com\/?p=9027"},"modified":"2026-04-27T10:13:15","modified_gmt":"2026-04-27T10:13:15","slug":"sircat-formalitza-labsorcio-datr-per-reforcar-el-creixement-i-la-capacitat-operativa","status":"publish","type":"post","link":"https:\/\/sircat.com\/ca\/sircat-formalitza-labsorcio-datr-per-reforcar-el-creixement-i-la-capacitat-operativa\/","title":{"rendered":"Sircat formalitza l&#8217;absorci\u00f3 d&#8217;ATR per refor\u00e7ar el creixement i la capacitat operativa"},"content":{"rendered":"\t\t<div data-elementor-type=\"wp-post\" data-elementor-id=\"9027\" class=\"elementor elementor-9027 elementor-9010\" data-elementor-post-type=\"post\">\n\t\t\t\t<div class=\"elementor-element elementor-element-3e1e41fc e-flex e-con-boxed e-con e-parent\" data-id=\"3e1e41fc\" data-element_type=\"container\">\n\t\t\t\t\t<div class=\"e-con-inner\">\n\t\t\t\t<div class=\"elementor-element elementor-element-2573bc80 elementor-widget elementor-widget-text-editor\" data-id=\"2573bc80\" data-element_type=\"widget\" data-widget_type=\"text-editor.default\">\n\t\t\t\t<div class=\"elementor-widget-container\">\n\t\t\t\t\t\t\t\n<p> <\/p>\n\n<p><strong>Sircat formalitza l&#8217;absorci\u00f3 d&#8217;ATR<\/strong> , culminant aix\u00ed un proc\u00e9s estrat\u00e8gic iniciat el gener del 2025. Aquesta nova etapa suposa la consolidaci\u00f3 de Sircat refor\u00e7ant aix\u00ed l&#8217;estructura del grup i ampliant la seva capacitat per continuar oferint un servei cada cop m\u00e9s complet, \u00e0gil i proper. <\/p>\n\n<h2>Que representa l&#8217;absorci\u00f3 d&#8217;ATR<\/h2>\n\n<p>Des de l&#8217;inici de la integraci\u00f3, la incorporaci\u00f3 d&#8217;ATR ha representat un pas rellevant dins el pla de creixement de Sircat, especialment per la seua especialitzaci\u00f3 en serveis mediambientals i per la seua s\u00f2lida implantaci\u00f3 a la Comunitat Valenciana. Amb la formalitzaci\u00f3 de la fusi\u00f3, es vol potenciar l&#8217;efici\u00e8ncia, la proximitat amb el client i el creixement sostenible. <\/p>\n\n<h2 class=\"wp-block-heading\">Una integraci\u00f3 que impulsa sin\u00e8rgies i amplia l&#8217;abast de Sircat<\/h2>\n\n<p>L&#8217;absorci\u00f3 d&#8217;ATR permetr\u00e0 potenciar sinergies operatives, optimitzar recursos i enfortir la capacitat de resposta davant de les necessitats de clients de diferents sectors. Aquesta absorci\u00f3 no nom\u00e9s aporta una estructura m\u00e9s robusta, sin\u00f3 tamb\u00e9 una cobertura territorial m\u00e9s gran, m\u00e9s experi\u00e8ncia t\u00e8cnica i una proposta de valor encara m\u00e9s s\u00f2lida en l&#8217;\u00e0mbit dels serveis mediambientals. <\/p>\n\n<p>A m\u00e9s, aquesta operaci\u00f3 refor\u00e7a el posicionament de Sircat com a empresa de refer\u00e8ncia al sector, preparada per afrontar nous reptes amb una organitzaci\u00f3 m\u00e9s integrada, eficient i innovadora. L&#8217;experi\u00e8ncia acumulada per ATR i el coneixement del mercat valenci\u00e0 encaixen plenament amb l&#8217;estrat\u00e8gia de creixement de Sircat, basada en la millora cont\u00ednua, la qualitat del servei i la proximitat a l&#8217;atenci\u00f3. <\/p>\n\n<p>Amb aquesta absorci\u00f3, Sircat reafirma el seu comprom\u00eds amb un model empresarial orientat a llarg termini, capa\u00e7 d&#8217;oferir solucions cada cop m\u00e9s completes i adaptades a les exig\u00e8ncies actuals del mercat representant un aven\u00e7 natural en l&#8217;evoluci\u00f3 de les dues companyies i una oportunitat per continuar creixent amb una base m\u00e9s forta, m\u00e9s competitiva i plenament alineada amb tots els <a href=\"https:\/\/sircat.com\/ca\/nosaltres\/missio-visio-i-valors\/\" target=\"_blank\" rel=\"noreferrer noopener\">valors<\/a> que defineixen Sircat.<\/p>\n\t\t\t\t\t\t<\/div>\n\t\t\t\t<\/div>\n\t\t\t\t\t<\/div>\n\t\t\t\t<\/div>\n\t\t\t\t<\/div>\n\t\t","protected":false},"excerpt":{"rendered":"<p>Sircat formalitza l&#8217;absorci\u00f3 d&#8217;ATR , culminant aix\u00ed un proc\u00e9s estrat\u00e8gic iniciat el gener del 2025. Aquesta nova etapa suposa la consolidaci\u00f3 de Sircat refor\u00e7ant aix\u00ed l&#8217;estructura del grup i ampliant la seva capacitat per continuar oferint un servei cada cop m\u00e9s complet, \u00e0gil i proper. Que representa l&#8217;absorci\u00f3 d&#8217;ATR Des de l&#8217;inici de la integraci\u00f3, [&hellip;]<\/p>\n","protected":false},"author":4,"featured_media":9032,"comment_status":"closed","ping_status":"open","sticky":false,"template":"","format":"standard","meta":{"_acf_changed":false,"footnotes":""},"categories":[27],"tags":[],"class_list":["post-9027","post","type-post","status-publish","format-standard","has-post-thumbnail","hentry","category-corporativo"],"acf":[],"yoast_head":"<!-- This site is optimized with the Yoast SEO plugin v23.8 - https:\/\/yoast.com\/wordpress\/plugins\/seo\/ -->\n<title>Sircat formalitza l&#039;absorci\u00f3 d&#039;ATR per refor\u00e7ar el creixement - Sircat<\/title>\n<meta name=\"description\" content=\"Sircat formalitza l&#039;absorci\u00f3 d&#039;ATR per refor\u00e7ar-ne el creixement, ampliar capacitat operativa i consolidar posici\u00f3.\" \/>\n<meta name=\"robots\" content=\"index, follow, max-snippet:-1, max-image-preview:large, max-video-preview:-1\" \/>\n<link rel=\"canonical\" href=\"https:\/\/sircat.com\/sircat-formaliza-la-absorcion-de-atr-para-reforzar-crecimiento-y-capacidad-operativa\/\" \/>\n<meta property=\"og:locale\" content=\"ca_ES\" \/>\n<meta property=\"og:type\" content=\"article\" \/>\n<meta property=\"og:title\" content=\"Sircat formalitza l&#039;absorci\u00f3 d&#039;ATR per refor\u00e7ar el creixement - Sircat\" \/>\n<meta property=\"og:description\" content=\"Sircat formalitza l&#039;absorci\u00f3 d&#039;ATR per refor\u00e7ar-ne el creixement, ampliar capacitat operativa i consolidar posici\u00f3.\" \/>\n<meta property=\"og:url\" content=\"https:\/\/sircat.com\/sircat-formaliza-la-absorcion-de-atr-para-reforzar-crecimiento-y-capacidad-operativa\/\" \/>\n<meta property=\"og:site_name\" content=\"Sircat\" \/>\n<meta property=\"article:published_time\" content=\"2026-04-27T10:13:15+00:00\" \/>\n<meta property=\"og:image\" content=\"https:\/\/sircat.com\/wp-content\/uploads\/2026\/04\/absorcio-atr.png\" \/>\n\t<meta property=\"og:image:width\" content=\"1024\" \/>\n\t<meta property=\"og:image:height\" content=\"768\" \/>\n\t<meta property=\"og:image:type\" content=\"image\/png\" \/>\n<meta name=\"author\" content=\"carla.garcia@cator-sa.com\" \/>\n<meta name=\"twitter:card\" content=\"summary_large_image\" \/>\n<meta name=\"twitter:label1\" content=\"Escrit per\" \/>\n\t<meta name=\"twitter:data1\" content=\"carla.garcia@cator-sa.com\" \/>\n\t<meta name=\"twitter:label2\" content=\"Temps estimat de lectura\" \/>\n\t<meta name=\"twitter:data2\" content=\"2 minuts\" \/>\n<script type=\"application\/ld+json\" class=\"yoast-schema-graph\">{\"@context\":\"https:\/\/schema.org\",\"@graph\":[{\"@type\":\"Article\",\"@id\":\"https:\/\/sircat.com\/sircat-formaliza-la-absorcion-de-atr-para-reforzar-crecimiento-y-capacidad-operativa\/#article\",\"isPartOf\":{\"@id\":\"https:\/\/sircat.com\/sircat-formaliza-la-absorcion-de-atr-para-reforzar-crecimiento-y-capacidad-operativa\/\"},\"author\":{\"name\":\"carla.garcia@cator-sa.com\",\"@id\":\"https:\/\/sircat.com\/#\/schema\/person\/aae45ddca4a588a029f19a12eebf6f2f\"},\"headline\":\"Sircat formalitza l&#8217;absorci\u00f3 d&#8217;ATR per refor\u00e7ar el creixement i la capacitat operativa\",\"datePublished\":\"2026-04-27T10:13:15+00:00\",\"dateModified\":\"2026-04-27T10:13:15+00:00\",\"mainEntityOfPage\":{\"@id\":\"https:\/\/sircat.com\/sircat-formaliza-la-absorcion-de-atr-para-reforzar-crecimiento-y-capacidad-operativa\/\"},\"wordCount\":354,\"publisher\":{\"@id\":\"https:\/\/sircat.com\/#organization\"},\"image\":{\"@id\":\"https:\/\/sircat.com\/sircat-formaliza-la-absorcion-de-atr-para-reforzar-crecimiento-y-capacidad-operativa\/#primaryimage\"},\"thumbnailUrl\":\"https:\/\/sircat.com\/wp-content\/uploads\/2026\/04\/absorcio-atr.png\",\"articleSection\":[\"Corporativo\"],\"inLanguage\":\"ca\"},{\"@type\":\"WebPage\",\"@id\":\"https:\/\/sircat.com\/sircat-formaliza-la-absorcion-de-atr-para-reforzar-crecimiento-y-capacidad-operativa\/\",\"url\":\"https:\/\/sircat.com\/sircat-formaliza-la-absorcion-de-atr-para-reforzar-crecimiento-y-capacidad-operativa\/\",\"name\":\"Sircat formalitza l'absorci\u00f3 d'ATR per refor\u00e7ar el creixement - Sircat\",\"isPartOf\":{\"@id\":\"https:\/\/sircat.com\/#website\"},\"primaryImageOfPage\":{\"@id\":\"https:\/\/sircat.com\/sircat-formaliza-la-absorcion-de-atr-para-reforzar-crecimiento-y-capacidad-operativa\/#primaryimage\"},\"image\":{\"@id\":\"https:\/\/sircat.com\/sircat-formaliza-la-absorcion-de-atr-para-reforzar-crecimiento-y-capacidad-operativa\/#primaryimage\"},\"thumbnailUrl\":\"https:\/\/sircat.com\/wp-content\/uploads\/2026\/04\/absorcio-atr.png\",\"datePublished\":\"2026-04-27T10:13:15+00:00\",\"dateModified\":\"2026-04-27T10:13:15+00:00\",\"description\":\"Sircat formalitza l'absorci\u00f3 d'ATR per refor\u00e7ar-ne el creixement, ampliar capacitat operativa i consolidar posici\u00f3.\",\"breadcrumb\":{\"@id\":\"https:\/\/sircat.com\/sircat-formaliza-la-absorcion-de-atr-para-reforzar-crecimiento-y-capacidad-operativa\/#breadcrumb\"},\"inLanguage\":\"ca\",\"potentialAction\":[{\"@type\":\"ReadAction\",\"target\":[\"https:\/\/sircat.com\/sircat-formaliza-la-absorcion-de-atr-para-reforzar-crecimiento-y-capacidad-operativa\/\"]}]},{\"@type\":\"ImageObject\",\"inLanguage\":\"ca\",\"@id\":\"https:\/\/sircat.com\/sircat-formaliza-la-absorcion-de-atr-para-reforzar-crecimiento-y-capacidad-operativa\/#primaryimage\",\"url\":\"https:\/\/sircat.com\/wp-content\/uploads\/2026\/04\/absorcio-atr.png\",\"contentUrl\":\"https:\/\/sircat.com\/wp-content\/uploads\/2026\/04\/absorcio-atr.png\",\"width\":1024,\"height\":768},{\"@type\":\"BreadcrumbList\",\"@id\":\"https:\/\/sircat.com\/sircat-formaliza-la-absorcion-de-atr-para-reforzar-crecimiento-y-capacidad-operativa\/#breadcrumb\",\"itemListElement\":[{\"@type\":\"ListItem\",\"position\":1,\"name\":\"Portada\",\"item\":\"https:\/\/sircat.com\/\"},{\"@type\":\"ListItem\",\"position\":2,\"name\":\"Sircat formalitza l&#8217;absorci\u00f3 d&#8217;ATR per refor\u00e7ar el creixement i la capacitat operativa\"}]},{\"@type\":\"WebSite\",\"@id\":\"https:\/\/sircat.com\/#website\",\"url\":\"https:\/\/sircat.com\/\",\"name\":\"Sircat\",\"description\":\"Servicios Medioambientales a todo tipo de empresas\",\"publisher\":{\"@id\":\"https:\/\/sircat.com\/#organization\"},\"potentialAction\":[{\"@type\":\"SearchAction\",\"target\":{\"@type\":\"EntryPoint\",\"urlTemplate\":\"https:\/\/sircat.com\/?s={search_term_string}\"},\"query-input\":{\"@type\":\"PropertyValueSpecification\",\"valueRequired\":true,\"valueName\":\"search_term_string\"}}],\"inLanguage\":\"ca\"},{\"@type\":\"Organization\",\"@id\":\"https:\/\/sircat.com\/#organization\",\"name\":\"Sircat\",\"url\":\"https:\/\/sircat.com\/\",\"logo\":{\"@type\":\"ImageObject\",\"inLanguage\":\"ca\",\"@id\":\"https:\/\/sircat.com\/#\/schema\/logo\/image\/\",\"url\":\"https:\/\/sircat.com\/wp-content\/uploads\/2024\/05\/sircat.svg\",\"contentUrl\":\"https:\/\/sircat.com\/wp-content\/uploads\/2024\/05\/sircat.svg\",\"width\":292,\"height\":80,\"caption\":\"Sircat\"},\"image\":{\"@id\":\"https:\/\/sircat.com\/#\/schema\/logo\/image\/\"}},{\"@type\":\"Person\",\"@id\":\"https:\/\/sircat.com\/#\/schema\/person\/aae45ddca4a588a029f19a12eebf6f2f\",\"name\":\"carla.garcia@cator-sa.com\",\"image\":{\"@type\":\"ImageObject\",\"inLanguage\":\"ca\",\"@id\":\"https:\/\/sircat.com\/#\/schema\/person\/image\/\",\"url\":\"https:\/\/secure.gravatar.com\/avatar\/6bbd50f8854017e0625259fcc9d23c4027b99ea480e9892677ca942442e135b9?s=96&d=mm&r=g\",\"contentUrl\":\"https:\/\/secure.gravatar.com\/avatar\/6bbd50f8854017e0625259fcc9d23c4027b99ea480e9892677ca942442e135b9?s=96&d=mm&r=g\",\"caption\":\"carla.garcia@cator-sa.com\"},\"url\":\"https:\/\/sircat.com\/ca\/author\/carla-garciacator-sa-com\/\"}]}<\/script>\n<!-- \/ Yoast SEO plugin. -->","yoast_head_json":{"title":"Sircat formalitza l'absorci\u00f3 d'ATR per refor\u00e7ar el creixement - Sircat","description":"Sircat formalitza l'absorci\u00f3 d'ATR per refor\u00e7ar-ne el creixement, ampliar capacitat operativa i consolidar posici\u00f3.","robots":{"index":"index","follow":"follow","max-snippet":"max-snippet:-1","max-image-preview":"max-image-preview:large","max-video-preview":"max-video-preview:-1"},"canonical":"https:\/\/sircat.com\/sircat-formaliza-la-absorcion-de-atr-para-reforzar-crecimiento-y-capacidad-operativa\/","og_locale":"ca_ES","og_type":"article","og_title":"Sircat formalitza l'absorci\u00f3 d'ATR per refor\u00e7ar el creixement - Sircat","og_description":"Sircat formalitza l'absorci\u00f3 d'ATR per refor\u00e7ar-ne el creixement, ampliar capacitat operativa i consolidar posici\u00f3.","og_url":"https:\/\/sircat.com\/sircat-formaliza-la-absorcion-de-atr-para-reforzar-crecimiento-y-capacidad-operativa\/","og_site_name":"Sircat","article_published_time":"2026-04-27T10:13:15+00:00","og_image":[{"width":1024,"height":768,"url":"https:\/\/sircat.com\/wp-content\/uploads\/2026\/04\/absorcio-atr.png","type":"image\/png"}],"author":"carla.garcia@cator-sa.com","twitter_card":"summary_large_image","twitter_misc":{"Escrit per":"carla.garcia@cator-sa.com","Temps estimat de lectura":"2 minuts"},"schema":{"@context":"https:\/\/schema.org","@graph":[{"@type":"Article","@id":"https:\/\/sircat.com\/sircat-formaliza-la-absorcion-de-atr-para-reforzar-crecimiento-y-capacidad-operativa\/#article","isPartOf":{"@id":"https:\/\/sircat.com\/sircat-formaliza-la-absorcion-de-atr-para-reforzar-crecimiento-y-capacidad-operativa\/"},"author":{"name":"carla.garcia@cator-sa.com","@id":"https:\/\/sircat.com\/#\/schema\/person\/aae45ddca4a588a029f19a12eebf6f2f"},"headline":"Sircat formalitza l&#8217;absorci\u00f3 d&#8217;ATR per refor\u00e7ar el creixement i la capacitat operativa","datePublished":"2026-04-27T10:13:15+00:00","dateModified":"2026-04-27T10:13:15+00:00","mainEntityOfPage":{"@id":"https:\/\/sircat.com\/sircat-formaliza-la-absorcion-de-atr-para-reforzar-crecimiento-y-capacidad-operativa\/"},"wordCount":354,"publisher":{"@id":"https:\/\/sircat.com\/#organization"},"image":{"@id":"https:\/\/sircat.com\/sircat-formaliza-la-absorcion-de-atr-para-reforzar-crecimiento-y-capacidad-operativa\/#primaryimage"},"thumbnailUrl":"https:\/\/sircat.com\/wp-content\/uploads\/2026\/04\/absorcio-atr.png","articleSection":["Corporativo"],"inLanguage":"ca"},{"@type":"WebPage","@id":"https:\/\/sircat.com\/sircat-formaliza-la-absorcion-de-atr-para-reforzar-crecimiento-y-capacidad-operativa\/","url":"https:\/\/sircat.com\/sircat-formaliza-la-absorcion-de-atr-para-reforzar-crecimiento-y-capacidad-operativa\/","name":"Sircat formalitza l'absorci\u00f3 d'ATR per refor\u00e7ar el creixement - Sircat","isPartOf":{"@id":"https:\/\/sircat.com\/#website"},"primaryImageOfPage":{"@id":"https:\/\/sircat.com\/sircat-formaliza-la-absorcion-de-atr-para-reforzar-crecimiento-y-capacidad-operativa\/#primaryimage"},"image":{"@id":"https:\/\/sircat.com\/sircat-formaliza-la-absorcion-de-atr-para-reforzar-crecimiento-y-capacidad-operativa\/#primaryimage"},"thumbnailUrl":"https:\/\/sircat.com\/wp-content\/uploads\/2026\/04\/absorcio-atr.png","datePublished":"2026-04-27T10:13:15+00:00","dateModified":"2026-04-27T10:13:15+00:00","description":"Sircat formalitza l'absorci\u00f3 d'ATR per refor\u00e7ar-ne el creixement, ampliar capacitat operativa i consolidar posici\u00f3.","breadcrumb":{"@id":"https:\/\/sircat.com\/sircat-formaliza-la-absorcion-de-atr-para-reforzar-crecimiento-y-capacidad-operativa\/#breadcrumb"},"inLanguage":"ca","potentialAction":[{"@type":"ReadAction","target":["https:\/\/sircat.com\/sircat-formaliza-la-absorcion-de-atr-para-reforzar-crecimiento-y-capacidad-operativa\/"]}]},{"@type":"ImageObject","inLanguage":"ca","@id":"https:\/\/sircat.com\/sircat-formaliza-la-absorcion-de-atr-para-reforzar-crecimiento-y-capacidad-operativa\/#primaryimage","url":"https:\/\/sircat.com\/wp-content\/uploads\/2026\/04\/absorcio-atr.png","contentUrl":"https:\/\/sircat.com\/wp-content\/uploads\/2026\/04\/absorcio-atr.png","width":1024,"height":768},{"@type":"BreadcrumbList","@id":"https:\/\/sircat.com\/sircat-formaliza-la-absorcion-de-atr-para-reforzar-crecimiento-y-capacidad-operativa\/#breadcrumb","itemListElement":[{"@type":"ListItem","position":1,"name":"Portada","item":"https:\/\/sircat.com\/"},{"@type":"ListItem","position":2,"name":"Sircat formalitza l&#8217;absorci\u00f3 d&#8217;ATR per refor\u00e7ar el creixement i la capacitat operativa"}]},{"@type":"WebSite","@id":"https:\/\/sircat.com\/#website","url":"https:\/\/sircat.com\/","name":"Sircat","description":"Servicios Medioambientales a todo tipo de empresas","publisher":{"@id":"https:\/\/sircat.com\/#organization"},"potentialAction":[{"@type":"SearchAction","target":{"@type":"EntryPoint","urlTemplate":"https:\/\/sircat.com\/?s={search_term_string}"},"query-input":{"@type":"PropertyValueSpecification","valueRequired":true,"valueName":"search_term_string"}}],"inLanguage":"ca"},{"@type":"Organization","@id":"https:\/\/sircat.com\/#organization","name":"Sircat","url":"https:\/\/sircat.com\/","logo":{"@type":"ImageObject","inLanguage":"ca","@id":"https:\/\/sircat.com\/#\/schema\/logo\/image\/","url":"https:\/\/sircat.com\/wp-content\/uploads\/2024\/05\/sircat.svg","contentUrl":"https:\/\/sircat.com\/wp-content\/uploads\/2024\/05\/sircat.svg","width":292,"height":80,"caption":"Sircat"},"image":{"@id":"https:\/\/sircat.com\/#\/schema\/logo\/image\/"}},{"@type":"Person","@id":"https:\/\/sircat.com\/#\/schema\/person\/aae45ddca4a588a029f19a12eebf6f2f","name":"carla.garcia@cator-sa.com","image":{"@type":"ImageObject","inLanguage":"ca","@id":"https:\/\/sircat.com\/#\/schema\/person\/image\/","url":"https:\/\/secure.gravatar.com\/avatar\/6bbd50f8854017e0625259fcc9d23c4027b99ea480e9892677ca942442e135b9?s=96&d=mm&r=g","contentUrl":"https:\/\/secure.gravatar.com\/avatar\/6bbd50f8854017e0625259fcc9d23c4027b99ea480e9892677ca942442e135b9?s=96&d=mm&r=g","caption":"carla.garcia@cator-sa.com"},"url":"https:\/\/sircat.com\/ca\/author\/carla-garciacator-sa-com\/"}]}},"_links":{"self":[{"href":"https:\/\/sircat.com\/ca\/wp-json\/wp\/v2\/posts\/9027","targetHints":{"allow":["GET"]}}],"collection":[{"href":"https:\/\/sircat.com\/ca\/wp-json\/wp\/v2\/posts"}],"about":[{"href":"https:\/\/sircat.com\/ca\/wp-json\/wp\/v2\/types\/post"}],"author":[{"embeddable":true,"href":"https:\/\/sircat.com\/ca\/wp-json\/wp\/v2\/users\/4"}],"replies":[{"embeddable":true,"href":"https:\/\/sircat.com\/ca\/wp-json\/wp\/v2\/comments?post=9027"}],"version-history":[{"count":1,"href":"https:\/\/sircat.com\/ca\/wp-json\/wp\/v2\/posts\/9027\/revisions"}],"predecessor-version":[{"id":9028,"href":"https:\/\/sircat.com\/ca\/wp-json\/wp\/v2\/posts\/9027\/revisions\/9028"}],"wp:featuredmedia":[{"embeddable":true,"href":"https:\/\/sircat.com\/ca\/wp-json\/wp\/v2\/media\/9032"}],"wp:attachment":[{"href":"https:\/\/sircat.com\/ca\/wp-json\/wp\/v2\/media?parent=9027"}],"wp:term":[{"taxonomy":"category","embeddable":true,"href":"https:\/\/sircat.com\/ca\/wp-json\/wp\/v2\/categories?post=9027"},{"taxonomy":"post_tag","embeddable":true,"href":"https:\/\/sircat.com\/ca\/wp-json\/wp\/v2\/tags?post=9027"}],"curies":[{"name":"wp","href":"https:\/\/api.w.org\/{rel}","templated":true}]}}